{"id":411,"date":"2023-02-02T15:08:49","date_gmt":"2023-02-02T15:08:49","guid":{"rendered":"https:\/\/www.glenmarkpharma.cz\/gp\/predani-financniho-daru-zachranne-stanici-a-ekocentru-pasicka\/"},"modified":"2023-09-08T08:26:35","modified_gmt":"2023-09-08T08:26:35","slug":"predani-financniho-daru-zachranne-stanici-a-ekocentru-pasicka","status":"publish","type":"post","link":"https:\/\/www.glenmarkpharma.cz\/gp\/predani-financniho-daru-zachranne-stanici-a-ekocentru-pasicka\/","title":{"rendered":"P\u0159ed\u00e1n\u00ed finan\u010dn\u00edho daru Z\u00e1chrann\u00e9 stanici a ekocentru Pas\u00ed\u010dka"},"content":{"rendered":"<section  class='av_textblock_section av-6rstm-5b30b308c198439dcd014591ebe646da'  itemscope=\"itemscope\" itemtype=\"https:\/\/schema.org\/BlogPosting\" itemprop=\"blogPost\" ><div class='avia_textblock'  itemprop=\"text\" ><h1>P\u0159ed\u00e1n\u00ed finan\u010dn\u00edho daru Z\u00e1chrann\u00e9 stanici a ekocentru Pas\u00ed\u010dka<\/h1>\n<p>Ve \u010dtvrtek 2. 2. 2023 jsme p\u0159edali finan\u010dn\u00ed dar v\u00a0hodnot\u011b 10\u00a0000 K\u010d Z\u00e1chrann\u00e9 stanici a ekocentru Pas\u00ed\u010dka. Tato organizace zv\u00edt\u011bzila v\u00a0anket\u011b mezi zam\u011bstnanci, kte\u0159\u00ed sv\u00fdmi hlasy rozhodli, \u017ee dar poputuje do z\u00e1chrann\u00e9 stanice. Pen\u00edze se poda\u0159ilo vybrat na v\u00e1no\u010dn\u00edm ve\u010d\u00edrku v\u00a0tombole, kdy ka\u017ed\u00fd, kdo si koupil l\u00edstek, p\u0159isp\u011bl na dobrou v\u011bc. Dodate\u010dn\u011b tedy v\u0161em moc d\u011bkujeme.<span class=\"Apple-converted-space\">\u00a0<\/span><\/p>\n<p>Ve stanici byli za finan\u010dn\u00ed p\u0159\u00edsp\u011bvek moc vd\u011b\u010dn\u00ed. Pracovn\u00edk stanice n\u00e1m ochotn\u011b vypr\u00e1v\u011bl, jak\u00e1 je vlastn\u011b pr\u00e1ce v\u00a0takov\u00e9m za\u0159\u00edzen\u00ed a tak\u00e9 n\u00e1s provedl po are\u00e1lu. Hlavn\u00edm c\u00edlem organizace je zachra\u0148ovat nemocn\u00e1, zran\u011bn\u00e1 nebo t\u00fdran\u00e1 zv\u00ed\u0159ata na \u00fazem\u00ed Pardubick\u00e9ho kraje, a pokud je to mo\u017en\u00e9, vracet je zp\u011bt do voln\u00e9 p\u0159\u00edrody. Are\u00e1l z\u00e1chrann\u00e9 stanice je za\u0159\u00edzen\u00edm \u010cesk\u00e9ho svazu ochr\u00e1nc\u016f p\u0159\u00edrody a nach\u00e1z\u00ed se pobl\u00ed\u017e obce Bor u Skut\u010de. Jeho sou\u010d\u00e1st\u00ed je i ve\u0159ejnosti p\u0159\u00edstupn\u00e1 expozice zv\u00ed\u0159at \u017eij\u00edc\u00edch na \u00fazem\u00ed \u010cR. Stanice se zam\u011b\u0159uje i na ekov\u00fdchovu d\u011bt\u00ed a ml\u00e1de\u017ee, nab\u00edz\u00ed r\u016fzn\u00e9 z\u00e1\u017eitkov\u00e9 a vzd\u011bl\u00e1vac\u00ed programy. Nejroz\u0161\u00ed\u0159en\u011bj\u0161\u00ed \u010d\u00e1st pacient\u016f za\u0159\u00edzen\u00ed tvo\u0159\u00ed z\u00e1stupci pta\u010d\u00ed \u0159\u00ed\u0161e. Pro n\u011b je zde vybudov\u00e1no z\u00e1zem\u00ed v\u00a0podob\u011b voli\u00e9r, kter\u00e9 jsou rozd\u011bleny na l\u00e9\u010debn\u00e9 komory, kde jsou umis\u0165ov\u00e1na zv\u00ed\u0159ata po proveden\u00ed r\u016fzn\u00fdch z\u00e1krok\u016f a to od spojen\u00ed zlomen\u00e9 kosti za pomoci dr\u00e1tu, a\u017e po umis\u0165ov\u00e1n\u00ed osi\u0159el\u00fdch ml\u00e1\u010fat u adoptivn\u00edch rodi\u010d\u016f tvo\u0159en\u00fdch trvale handicapovan\u00fdmi zv\u00ed\u0159aty. Navazuj\u00edc\u00edm za\u0159\u00edzen\u00edm jsou rehabilita\u010dn\u00ed rozletov\u00e9 voli\u00e9ry, kam se jedinci umis\u0165uj\u00ed po vyl\u00e9\u010den\u00ed, nap\u0159\u00edklad proto, aby rozh\u00fdbali operovan\u00e9 k\u0159\u00eddlo, nebo se nau\u010dili lovit. Rozletov\u00e9 voli\u00e9ry jsou r\u016fzn\u00fdch typ\u016f. Od voli\u00e9r pro sovy, p\u0159es dravce a\u017e po vodn\u00ed a brodiv\u00e9 ptactvo. Sou\u010d\u00e1st\u00ed are\u00e1lu je i centr\u00e1ln\u00ed budova, kter\u00e1 disponuje o\u0161et\u0159ovnou, m\u00edstnostmi pro intenzivn\u00ed p\u00e9\u010di, p\u0159\u00edpravnou krmen\u00ed, sklady a kancel\u00e1\u0159\u00ed. Stanice ka\u017edoro\u010dn\u011b zachr\u00e1n\u00ed kolem 1800 zv\u00ed\u0159at a nadpolovi\u010dn\u00ed v\u011bt\u0161inu z\u00a0nich se poda\u0159\u00ed vr\u00e1tit zp\u011bt do voln\u00e9 p\u0159\u00edrody. Ka\u017edoro\u010dn\u011b sem zav\u00edt\u00e1 p\u0159es 10\u00a0000 n\u00e1v\u0161t\u011bvn\u00edk\u016f, kte\u0159\u00ed se zde, krom\u011b expozice trvale handicapovan\u00fdch zv\u00ed\u0159at, mohou proj\u00edt i po dvou nau\u010dn\u00fdch stezk\u00e1ch nazvan\u00fdch \u2013 Br\u00e1na do prav\u011bku a Nau\u010dn\u00e1 stezka Pas\u00ed\u010dka. Jeliko\u017e je stanice neziskov\u00e1, nest\u00e1tn\u00ed organizace, jsou zde velmi r\u00e1di za ka\u017edou pomoc, a\u0165 ji\u017e ve form\u011b finan\u010dn\u00ed, materi\u00e1ln\u00ed, adoptivn\u00ed nebo dobrovolnick\u00e9. Ka\u017ed\u00fd, kdo chce, m\u016f\u017ee tedy pomoci a jsme velmi r\u00e1di, \u017ee i my jsme mohli p\u0159isp\u011bt.<\/p>\n<p style=\"text-align: right;\">za HR odd\u011blen\u00ed Hana Chadimov\u00e1<\/p>\n<\/div><\/section>\n\n","protected":false},"excerpt":{"rendered":"<p>Ve \u010dtvrtek 2. 2. 2023 jsme p\u0159edali finan\u010dn\u00ed dar v\u00a0hodnot\u011b 10\u00a0000 K\u010d Z\u00e1chrann\u00e9 stanici a ekocentru Pas\u00ed\u010dka.<\/p>\n","protected":false},"author":2,"featured_media":412,"comment_status":"closed","ping_status":"closed","sticky":false,"template":"","format":"standard","meta":{"footnotes":""},"categories":[9],"tags":[],"class_list":["post-411","post","type-post","status-publish","format-standard","has-post-thumbnail","hentry","category-aktuality"],"acf":[],"yoast_head":"<!-- This site is optimized with the Yoast SEO plugin v27.2 - https:\/\/yoast.com\/product\/yoast-seo-wordpress\/ -->\n<title>P\u0159ed\u00e1n\u00ed finan\u010dn\u00edho daru Z\u00e1chrann\u00e9 stanici a ekocentru Pas\u00ed\u010dka - Glenmark VM<\/title>\n<meta name=\"robots\" content=\"index, follow, max-snippet:-1, max-image-preview:large, max-video-preview:-1\" \/>\n<link rel=\"canonical\" href=\"https:\/\/www.glenmarkpharma.cz\/gp\/predani-financniho-daru-zachranne-stanici-a-ekocentru-pasicka\/\" \/>\n<meta property=\"og:locale\" content=\"cs_CZ\" \/>\n<meta property=\"og:type\" content=\"article\" \/>\n<meta property=\"og:title\" content=\"P\u0159ed\u00e1n\u00ed finan\u010dn\u00edho daru Z\u00e1chrann\u00e9 stanici a ekocentru Pas\u00ed\u010dka - Glenmark VM\" \/>\n<meta property=\"og:description\" content=\"Ve \u010dtvrtek 2. 2. 2023 jsme p\u0159edali finan\u010dn\u00ed dar v\u00a0hodnot\u011b 10\u00a0000 K\u010d Z\u00e1chrann\u00e9 stanici a ekocentru Pas\u00ed\u010dka.\" \/>\n<meta property=\"og:url\" content=\"https:\/\/www.glenmarkpharma.cz\/gp\/predani-financniho-daru-zachranne-stanici-a-ekocentru-pasicka\/\" \/>\n<meta property=\"og:site_name\" content=\"Glenmark VM\" \/>\n<meta property=\"article:published_time\" content=\"2023-02-02T15:08:49+00:00\" \/>\n<meta property=\"article:modified_time\" content=\"2023-09-08T08:26:35+00:00\" \/>\n<meta property=\"og:image\" content=\"https:\/\/www.glenmarkpharma.cz\/gp\/wp-content\/uploads\/sites\/2\/2023\/09\/image1-31-e1693494924821.jpeg\" \/>\n\t<meta property=\"og:image:width\" content=\"736\" \/>\n\t<meta property=\"og:image:height\" content=\"913\" \/>\n\t<meta property=\"og:image:type\" content=\"image\/jpeg\" \/>\n<meta name=\"author\" content=\"Ji\u0159\u00ed \u017ditn\u00edk\" \/>\n<meta name=\"twitter:card\" content=\"summary_large_image\" \/>\n<meta name=\"twitter:label1\" content=\"Napsal(a)\" \/>\n\t<meta name=\"twitter:data1\" content=\"Ji\u0159\u00ed \u017ditn\u00edk\" \/>\n\t<meta name=\"twitter:label2\" content=\"Odhadovan\u00e1 doba \u010dten\u00ed\" \/>\n\t<meta name=\"twitter:data2\" content=\"3 minuty\" \/>\n<script type=\"application\/ld+json\" class=\"yoast-schema-graph\">{\"@context\":\"https:\/\/schema.org\",\"@graph\":[{\"@type\":\"Article\",\"@id\":\"https:\/\/www.glenmarkpharma.cz\/gp\/predani-financniho-daru-zachranne-stanici-a-ekocentru-pasicka\/#article\",\"isPartOf\":{\"@id\":\"https:\/\/www.glenmarkpharma.cz\/gp\/predani-financniho-daru-zachranne-stanici-a-ekocentru-pasicka\/\"},\"author\":{\"name\":\"Ji\u0159\u00ed \u017ditn\u00edk\",\"@id\":\"https:\/\/www.glenmarkpharma.cz\/gp\/#\/schema\/person\/59736c891c4e4caf67799903183ea422\"},\"headline\":\"P\u0159ed\u00e1n\u00ed finan\u010dn\u00edho daru Z\u00e1chrann\u00e9 stanici a ekocentru Pas\u00ed\u010dka\",\"datePublished\":\"2023-02-02T15:08:49+00:00\",\"dateModified\":\"2023-09-08T08:26:35+00:00\",\"mainEntityOfPage\":{\"@id\":\"https:\/\/www.glenmarkpharma.cz\/gp\/predani-financniho-daru-zachranne-stanici-a-ekocentru-pasicka\/\"},\"wordCount\":624,\"image\":{\"@id\":\"https:\/\/www.glenmarkpharma.cz\/gp\/predani-financniho-daru-zachranne-stanici-a-ekocentru-pasicka\/#primaryimage\"},\"thumbnailUrl\":\"https:\/\/www.glenmarkpharma.cz\/gp\/wp-content\/uploads\/sites\/2\/2023\/09\/image1-31-e1693494924821.jpeg\",\"articleSection\":[\"Aktuality\"],\"inLanguage\":\"cs\"},{\"@type\":\"WebPage\",\"@id\":\"https:\/\/www.glenmarkpharma.cz\/gp\/predani-financniho-daru-zachranne-stanici-a-ekocentru-pasicka\/\",\"url\":\"https:\/\/www.glenmarkpharma.cz\/gp\/predani-financniho-daru-zachranne-stanici-a-ekocentru-pasicka\/\",\"name\":\"P\u0159ed\u00e1n\u00ed finan\u010dn\u00edho daru Z\u00e1chrann\u00e9 stanici a ekocentru Pas\u00ed\u010dka - Glenmark VM\",\"isPartOf\":{\"@id\":\"https:\/\/www.glenmarkpharma.cz\/gp\/#website\"},\"primaryImageOfPage\":{\"@id\":\"https:\/\/www.glenmarkpharma.cz\/gp\/predani-financniho-daru-zachranne-stanici-a-ekocentru-pasicka\/#primaryimage\"},\"image\":{\"@id\":\"https:\/\/www.glenmarkpharma.cz\/gp\/predani-financniho-daru-zachranne-stanici-a-ekocentru-pasicka\/#primaryimage\"},\"thumbnailUrl\":\"https:\/\/www.glenmarkpharma.cz\/gp\/wp-content\/uploads\/sites\/2\/2023\/09\/image1-31-e1693494924821.jpeg\",\"datePublished\":\"2023-02-02T15:08:49+00:00\",\"dateModified\":\"2023-09-08T08:26:35+00:00\",\"author\":{\"@id\":\"https:\/\/www.glenmarkpharma.cz\/gp\/#\/schema\/person\/59736c891c4e4caf67799903183ea422\"},\"inLanguage\":\"cs\",\"potentialAction\":[{\"@type\":\"ReadAction\",\"target\":[\"https:\/\/www.glenmarkpharma.cz\/gp\/predani-financniho-daru-zachranne-stanici-a-ekocentru-pasicka\/\"]}]},{\"@type\":\"ImageObject\",\"inLanguage\":\"cs\",\"@id\":\"https:\/\/www.glenmarkpharma.cz\/gp\/predani-financniho-daru-zachranne-stanici-a-ekocentru-pasicka\/#primaryimage\",\"url\":\"https:\/\/www.glenmarkpharma.cz\/gp\/wp-content\/uploads\/sites\/2\/2023\/09\/image1-31-e1693494924821.jpeg\",\"contentUrl\":\"https:\/\/www.glenmarkpharma.cz\/gp\/wp-content\/uploads\/sites\/2\/2023\/09\/image1-31-e1693494924821.jpeg\",\"width\":736,\"height\":913},{\"@type\":\"WebSite\",\"@id\":\"https:\/\/www.glenmarkpharma.cz\/gp\/#website\",\"url\":\"https:\/\/www.glenmarkpharma.cz\/gp\/\",\"name\":\"Glenmark VM\",\"description\":\"A new way for a new world\",\"potentialAction\":[{\"@type\":\"SearchAction\",\"target\":{\"@type\":\"EntryPoint\",\"urlTemplate\":\"https:\/\/www.glenmarkpharma.cz\/gp\/?s={search_term_string}\"},\"query-input\":{\"@type\":\"PropertyValueSpecification\",\"valueRequired\":true,\"valueName\":\"search_term_string\"}}],\"inLanguage\":\"cs\"},{\"@type\":\"Person\",\"@id\":\"https:\/\/www.glenmarkpharma.cz\/gp\/#\/schema\/person\/59736c891c4e4caf67799903183ea422\",\"name\":\"Ji\u0159\u00ed \u017ditn\u00edk\",\"image\":{\"@type\":\"ImageObject\",\"inLanguage\":\"cs\",\"@id\":\"https:\/\/secure.gravatar.com\/avatar\/fbd44978f4c91979e1f11309a5f061a9a587ab08dc488f6546b4ad737dc6c643?s=96&d=mm&r=g\",\"url\":\"https:\/\/secure.gravatar.com\/avatar\/fbd44978f4c91979e1f11309a5f061a9a587ab08dc488f6546b4ad737dc6c643?s=96&d=mm&r=g\",\"contentUrl\":\"https:\/\/secure.gravatar.com\/avatar\/fbd44978f4c91979e1f11309a5f061a9a587ab08dc488f6546b4ad737dc6c643?s=96&d=mm&r=g\",\"caption\":\"Ji\u0159\u00ed \u017ditn\u00edk\"},\"url\":\"https:\/\/www.glenmarkpharma.cz\/gp\/author\/spravceadmin\/\"}]}<\/script>\n<!-- \/ Yoast SEO plugin. -->","yoast_head_json":{"title":"P\u0159ed\u00e1n\u00ed finan\u010dn\u00edho daru Z\u00e1chrann\u00e9 stanici a ekocentru Pas\u00ed\u010dka - Glenmark VM","robots":{"index":"index","follow":"follow","max-snippet":"max-snippet:-1","max-image-preview":"max-image-preview:large","max-video-preview":"max-video-preview:-1"},"canonical":"https:\/\/www.glenmarkpharma.cz\/gp\/predani-financniho-daru-zachranne-stanici-a-ekocentru-pasicka\/","og_locale":"cs_CZ","og_type":"article","og_title":"P\u0159ed\u00e1n\u00ed finan\u010dn\u00edho daru Z\u00e1chrann\u00e9 stanici a ekocentru Pas\u00ed\u010dka - Glenmark VM","og_description":"Ve \u010dtvrtek 2. 2. 2023 jsme p\u0159edali finan\u010dn\u00ed dar v\u00a0hodnot\u011b 10\u00a0000 K\u010d Z\u00e1chrann\u00e9 stanici a ekocentru Pas\u00ed\u010dka.","og_url":"https:\/\/www.glenmarkpharma.cz\/gp\/predani-financniho-daru-zachranne-stanici-a-ekocentru-pasicka\/","og_site_name":"Glenmark VM","article_published_time":"2023-02-02T15:08:49+00:00","article_modified_time":"2023-09-08T08:26:35+00:00","og_image":[{"width":736,"height":913,"url":"https:\/\/www.glenmarkpharma.cz\/gp\/wp-content\/uploads\/sites\/2\/2023\/09\/image1-31-e1693494924821.jpeg","type":"image\/jpeg"}],"author":"Ji\u0159\u00ed \u017ditn\u00edk","twitter_card":"summary_large_image","twitter_misc":{"Napsal(a)":"Ji\u0159\u00ed \u017ditn\u00edk","Odhadovan\u00e1 doba \u010dten\u00ed":"3 minuty"},"schema":{"@context":"https:\/\/schema.org","@graph":[{"@type":"Article","@id":"https:\/\/www.glenmarkpharma.cz\/gp\/predani-financniho-daru-zachranne-stanici-a-ekocentru-pasicka\/#article","isPartOf":{"@id":"https:\/\/www.glenmarkpharma.cz\/gp\/predani-financniho-daru-zachranne-stanici-a-ekocentru-pasicka\/"},"author":{"name":"Ji\u0159\u00ed \u017ditn\u00edk","@id":"https:\/\/www.glenmarkpharma.cz\/gp\/#\/schema\/person\/59736c891c4e4caf67799903183ea422"},"headline":"P\u0159ed\u00e1n\u00ed finan\u010dn\u00edho daru Z\u00e1chrann\u00e9 stanici a ekocentru Pas\u00ed\u010dka","datePublished":"2023-02-02T15:08:49+00:00","dateModified":"2023-09-08T08:26:35+00:00","mainEntityOfPage":{"@id":"https:\/\/www.glenmarkpharma.cz\/gp\/predani-financniho-daru-zachranne-stanici-a-ekocentru-pasicka\/"},"wordCount":624,"image":{"@id":"https:\/\/www.glenmarkpharma.cz\/gp\/predani-financniho-daru-zachranne-stanici-a-ekocentru-pasicka\/#primaryimage"},"thumbnailUrl":"https:\/\/www.glenmarkpharma.cz\/gp\/wp-content\/uploads\/sites\/2\/2023\/09\/image1-31-e1693494924821.jpeg","articleSection":["Aktuality"],"inLanguage":"cs"},{"@type":"WebPage","@id":"https:\/\/www.glenmarkpharma.cz\/gp\/predani-financniho-daru-zachranne-stanici-a-ekocentru-pasicka\/","url":"https:\/\/www.glenmarkpharma.cz\/gp\/predani-financniho-daru-zachranne-stanici-a-ekocentru-pasicka\/","name":"P\u0159ed\u00e1n\u00ed finan\u010dn\u00edho daru Z\u00e1chrann\u00e9 stanici a ekocentru Pas\u00ed\u010dka - Glenmark VM","isPartOf":{"@id":"https:\/\/www.glenmarkpharma.cz\/gp\/#website"},"primaryImageOfPage":{"@id":"https:\/\/www.glenmarkpharma.cz\/gp\/predani-financniho-daru-zachranne-stanici-a-ekocentru-pasicka\/#primaryimage"},"image":{"@id":"https:\/\/www.glenmarkpharma.cz\/gp\/predani-financniho-daru-zachranne-stanici-a-ekocentru-pasicka\/#primaryimage"},"thumbnailUrl":"https:\/\/www.glenmarkpharma.cz\/gp\/wp-content\/uploads\/sites\/2\/2023\/09\/image1-31-e1693494924821.jpeg","datePublished":"2023-02-02T15:08:49+00:00","dateModified":"2023-09-08T08:26:35+00:00","author":{"@id":"https:\/\/www.glenmarkpharma.cz\/gp\/#\/schema\/person\/59736c891c4e4caf67799903183ea422"},"inLanguage":"cs","potentialAction":[{"@type":"ReadAction","target":["https:\/\/www.glenmarkpharma.cz\/gp\/predani-financniho-daru-zachranne-stanici-a-ekocentru-pasicka\/"]}]},{"@type":"ImageObject","inLanguage":"cs","@id":"https:\/\/www.glenmarkpharma.cz\/gp\/predani-financniho-daru-zachranne-stanici-a-ekocentru-pasicka\/#primaryimage","url":"https:\/\/www.glenmarkpharma.cz\/gp\/wp-content\/uploads\/sites\/2\/2023\/09\/image1-31-e1693494924821.jpeg","contentUrl":"https:\/\/www.glenmarkpharma.cz\/gp\/wp-content\/uploads\/sites\/2\/2023\/09\/image1-31-e1693494924821.jpeg","width":736,"height":913},{"@type":"WebSite","@id":"https:\/\/www.glenmarkpharma.cz\/gp\/#website","url":"https:\/\/www.glenmarkpharma.cz\/gp\/","name":"Glenmark VM","description":"A new way for a new world","potentialAction":[{"@type":"SearchAction","target":{"@type":"EntryPoint","urlTemplate":"https:\/\/www.glenmarkpharma.cz\/gp\/?s={search_term_string}"},"query-input":{"@type":"PropertyValueSpecification","valueRequired":true,"valueName":"search_term_string"}}],"inLanguage":"cs"},{"@type":"Person","@id":"https:\/\/www.glenmarkpharma.cz\/gp\/#\/schema\/person\/59736c891c4e4caf67799903183ea422","name":"Ji\u0159\u00ed \u017ditn\u00edk","image":{"@type":"ImageObject","inLanguage":"cs","@id":"https:\/\/secure.gravatar.com\/avatar\/fbd44978f4c91979e1f11309a5f061a9a587ab08dc488f6546b4ad737dc6c643?s=96&d=mm&r=g","url":"https:\/\/secure.gravatar.com\/avatar\/fbd44978f4c91979e1f11309a5f061a9a587ab08dc488f6546b4ad737dc6c643?s=96&d=mm&r=g","contentUrl":"https:\/\/secure.gravatar.com\/avatar\/fbd44978f4c91979e1f11309a5f061a9a587ab08dc488f6546b4ad737dc6c643?s=96&d=mm&r=g","caption":"Ji\u0159\u00ed \u017ditn\u00edk"},"url":"https:\/\/www.glenmarkpharma.cz\/gp\/author\/spravceadmin\/"}]}},"_links":{"self":[{"href":"https:\/\/www.glenmarkpharma.cz\/gp\/wp-json\/wp\/v2\/posts\/411","targetHints":{"allow":["GET"]}}],"collection":[{"href":"https:\/\/www.glenmarkpharma.cz\/gp\/wp-json\/wp\/v2\/posts"}],"about":[{"href":"https:\/\/www.glenmarkpharma.cz\/gp\/wp-json\/wp\/v2\/types\/post"}],"author":[{"embeddable":true,"href":"https:\/\/www.glenmarkpharma.cz\/gp\/wp-json\/wp\/v2\/users\/2"}],"replies":[{"embeddable":true,"href":"https:\/\/www.glenmarkpharma.cz\/gp\/wp-json\/wp\/v2\/comments?post=411"}],"version-history":[{"count":2,"href":"https:\/\/www.glenmarkpharma.cz\/gp\/wp-json\/wp\/v2\/posts\/411\/revisions"}],"predecessor-version":[{"id":488,"href":"https:\/\/www.glenmarkpharma.cz\/gp\/wp-json\/wp\/v2\/posts\/411\/revisions\/488"}],"wp:featuredmedia":[{"embeddable":true,"href":"https:\/\/www.glenmarkpharma.cz\/gp\/wp-json\/wp\/v2\/media\/412"}],"wp:attachment":[{"href":"https:\/\/www.glenmarkpharma.cz\/gp\/wp-json\/wp\/v2\/media?parent=411"}],"wp:term":[{"taxonomy":"category","embeddable":true,"href":"https:\/\/www.glenmarkpharma.cz\/gp\/wp-json\/wp\/v2\/categories?post=411"},{"taxonomy":"post_tag","embeddable":true,"href":"https:\/\/www.glenmarkpharma.cz\/gp\/wp-json\/wp\/v2\/tags?post=411"}],"curies":[{"name":"wp","href":"https:\/\/api.w.org\/{rel}","templated":true}]}}