{"id":104,"date":"2016-06-01T13:20:09","date_gmt":"2016-06-01T13:20:09","guid":{"rendered":"https:\/\/www.glenmarkpharma.cz\/?p=104"},"modified":"2023-09-08T08:27:17","modified_gmt":"2023-09-08T08:27:17","slug":"nejlepsi-mlady-chemik-ceske-republiky-je-z-lounska","status":"publish","type":"post","link":"https:\/\/www.glenmarkpharma.cz\/gp\/nejlepsi-mlady-chemik-ceske-republiky-je-z-lounska\/","title":{"rendered":"Nejlep\u0161\u00ed mlad\u00fd chemik \u010cesk\u00e9 republiky je z Lounska"},"content":{"rendered":"<p>Sout\u011b\u017e Hled\u00e1me nejlep\u0161\u00edho Mlad\u00e9ho chemika \u010cR zn\u00e1 sv\u00e9ho v\u00edt\u011bze. Ve \u010dtvrt\u00e9m ro\u010dn\u00edku celost\u00e1tn\u00edho fin\u00e1le se j\u00edm stala Jana Spurn\u00e1 ze Z\u0160 Kryry.<\/p>\n<p>Fakulta chemicko-technologick\u00e1 Univerzity Pardubice hostila 1. \u010dervna 2016 vrcholn\u00e9 kl\u00e1n\u00ed mlad\u00fdch chemik\u016f. \u017d\u00e1kovsk\u00e9ho mistrovstv\u00ed se z\u00fa\u010dastnilo 37\u00a0finalist\u016f ze v\u0161ech kraj\u016f republiky. \u201eV\u00a0z\u00e1kladn\u00edch kolech sout\u011b\u017eilo letos t\u00e9m\u011b\u0159 12\u00a0000 \u017e\u00e1k\u016f dev\u00e1t\u00fdch t\u0159\u00edd, co\u017e je \u010d\u00edslo impozantn\u00ed. Do n\u00e1rodn\u00edho kola postoupili jen ti nejtalentovan\u011bj\u0161\u00ed,\u201c uvedl d\u011bkan po\u0159\u00e1daj\u00edc\u00ed fakulty Petr Kalenda.<\/p>\n","protected":false},"excerpt":{"rendered":"<p>Sout\u011b\u017e Hled\u00e1me nejlep\u0161\u00edho Mlad\u00e9ho chemika \u010cR zn\u00e1 sv\u00e9ho v\u00edt\u011bze.<\/p>\n","protected":false},"author":2,"featured_media":158,"comment_status":"closed","ping_status":"open","sticky":false,"template":"","format":"standard","meta":{"footnotes":""},"categories":[9],"tags":[],"class_list":["post-104","post","type-post","status-publish","format-standard","has-post-thumbnail","hentry","category-aktuality"],"acf":[],"yoast_head":"<!-- This site is optimized with the Yoast SEO plugin v27.2 - https:\/\/yoast.com\/product\/yoast-seo-wordpress\/ -->\n<title>Nejlep\u0161\u00ed mlad\u00fd chemik \u010cesk\u00e9 republiky je z Lounska - Glenmark VM<\/title>\n<meta name=\"robots\" content=\"index, follow, max-snippet:-1, max-image-preview:large, max-video-preview:-1\" \/>\n<link rel=\"canonical\" href=\"https:\/\/www.glenmarkpharma.cz\/gp\/nejlepsi-mlady-chemik-ceske-republiky-je-z-lounska\/\" \/>\n<meta property=\"og:locale\" content=\"cs_CZ\" \/>\n<meta property=\"og:type\" content=\"article\" \/>\n<meta property=\"og:title\" content=\"Nejlep\u0161\u00ed mlad\u00fd chemik \u010cesk\u00e9 republiky je z Lounska - Glenmark VM\" \/>\n<meta property=\"og:description\" content=\"Sout\u011b\u017e Hled\u00e1me nejlep\u0161\u00edho Mlad\u00e9ho chemika \u010cR zn\u00e1 sv\u00e9ho v\u00edt\u011bze.\" \/>\n<meta property=\"og:url\" content=\"https:\/\/www.glenmarkpharma.cz\/gp\/nejlepsi-mlady-chemik-ceske-republiky-je-z-lounska\/\" \/>\n<meta property=\"og:site_name\" content=\"Glenmark VM\" \/>\n<meta property=\"article:published_time\" content=\"2016-06-01T13:20:09+00:00\" \/>\n<meta property=\"article:modified_time\" content=\"2023-09-08T08:27:17+00:00\" \/>\n<meta property=\"og:image\" content=\"https:\/\/www.glenmarkpharma.cz\/gp\/wp-content\/uploads\/sites\/2\/2022\/05\/mlady_chemik_2016-2.jpg\" \/>\n\t<meta property=\"og:image:width\" content=\"534\" \/>\n\t<meta property=\"og:image:height\" content=\"680\" \/>\n\t<meta property=\"og:image:type\" content=\"image\/jpeg\" \/>\n<meta name=\"author\" content=\"Ji\u0159\u00ed \u017ditn\u00edk\" \/>\n<meta name=\"twitter:card\" content=\"summary_large_image\" \/>\n<meta name=\"twitter:label1\" content=\"Napsal(a)\" \/>\n\t<meta name=\"twitter:data1\" content=\"Ji\u0159\u00ed \u017ditn\u00edk\" \/>\n<script type=\"application\/ld+json\" class=\"yoast-schema-graph\">{\"@context\":\"https:\/\/schema.org\",\"@graph\":[{\"@type\":\"Article\",\"@id\":\"https:\/\/www.glenmarkpharma.cz\/gp\/nejlepsi-mlady-chemik-ceske-republiky-je-z-lounska\/#article\",\"isPartOf\":{\"@id\":\"https:\/\/www.glenmarkpharma.cz\/gp\/nejlepsi-mlady-chemik-ceske-republiky-je-z-lounska\/\"},\"author\":{\"name\":\"Ji\u0159\u00ed \u017ditn\u00edk\",\"@id\":\"https:\/\/www.glenmarkpharma.cz\/gp\/#\/schema\/person\/59736c891c4e4caf67799903183ea422\"},\"headline\":\"Nejlep\u0161\u00ed mlad\u00fd chemik \u010cesk\u00e9 republiky je z Lounska\",\"datePublished\":\"2016-06-01T13:20:09+00:00\",\"dateModified\":\"2023-09-08T08:27:17+00:00\",\"mainEntityOfPage\":{\"@id\":\"https:\/\/www.glenmarkpharma.cz\/gp\/nejlepsi-mlady-chemik-ceske-republiky-je-z-lounska\/\"},\"wordCount\":106,\"image\":{\"@id\":\"https:\/\/www.glenmarkpharma.cz\/gp\/nejlepsi-mlady-chemik-ceske-republiky-je-z-lounska\/#primaryimage\"},\"thumbnailUrl\":\"https:\/\/www.glenmarkpharma.cz\/gp\/wp-content\/uploads\/sites\/2\/2022\/05\/mlady_chemik_2016-2.jpg\",\"articleSection\":[\"Aktuality\"],\"inLanguage\":\"cs\"},{\"@type\":\"WebPage\",\"@id\":\"https:\/\/www.glenmarkpharma.cz\/gp\/nejlepsi-mlady-chemik-ceske-republiky-je-z-lounska\/\",\"url\":\"https:\/\/www.glenmarkpharma.cz\/gp\/nejlepsi-mlady-chemik-ceske-republiky-je-z-lounska\/\",\"name\":\"Nejlep\u0161\u00ed mlad\u00fd chemik \u010cesk\u00e9 republiky je z Lounska - Glenmark VM\",\"isPartOf\":{\"@id\":\"https:\/\/www.glenmarkpharma.cz\/gp\/#website\"},\"primaryImageOfPage\":{\"@id\":\"https:\/\/www.glenmarkpharma.cz\/gp\/nejlepsi-mlady-chemik-ceske-republiky-je-z-lounska\/#primaryimage\"},\"image\":{\"@id\":\"https:\/\/www.glenmarkpharma.cz\/gp\/nejlepsi-mlady-chemik-ceske-republiky-je-z-lounska\/#primaryimage\"},\"thumbnailUrl\":\"https:\/\/www.glenmarkpharma.cz\/gp\/wp-content\/uploads\/sites\/2\/2022\/05\/mlady_chemik_2016-2.jpg\",\"datePublished\":\"2016-06-01T13:20:09+00:00\",\"dateModified\":\"2023-09-08T08:27:17+00:00\",\"author\":{\"@id\":\"https:\/\/www.glenmarkpharma.cz\/gp\/#\/schema\/person\/59736c891c4e4caf67799903183ea422\"},\"inLanguage\":\"cs\",\"potentialAction\":[{\"@type\":\"ReadAction\",\"target\":[\"https:\/\/www.glenmarkpharma.cz\/gp\/nejlepsi-mlady-chemik-ceske-republiky-je-z-lounska\/\"]}]},{\"@type\":\"ImageObject\",\"inLanguage\":\"cs\",\"@id\":\"https:\/\/www.glenmarkpharma.cz\/gp\/nejlepsi-mlady-chemik-ceske-republiky-je-z-lounska\/#primaryimage\",\"url\":\"https:\/\/www.glenmarkpharma.cz\/gp\/wp-content\/uploads\/sites\/2\/2022\/05\/mlady_chemik_2016-2.jpg\",\"contentUrl\":\"https:\/\/www.glenmarkpharma.cz\/gp\/wp-content\/uploads\/sites\/2\/2022\/05\/mlady_chemik_2016-2.jpg\",\"width\":534,\"height\":680},{\"@type\":\"WebSite\",\"@id\":\"https:\/\/www.glenmarkpharma.cz\/gp\/#website\",\"url\":\"https:\/\/www.glenmarkpharma.cz\/gp\/\",\"name\":\"Glenmark VM\",\"description\":\"A new way for a new world\",\"potentialAction\":[{\"@type\":\"SearchAction\",\"target\":{\"@type\":\"EntryPoint\",\"urlTemplate\":\"https:\/\/www.glenmarkpharma.cz\/gp\/?s={search_term_string}\"},\"query-input\":{\"@type\":\"PropertyValueSpecification\",\"valueRequired\":true,\"valueName\":\"search_term_string\"}}],\"inLanguage\":\"cs\"},{\"@type\":\"Person\",\"@id\":\"https:\/\/www.glenmarkpharma.cz\/gp\/#\/schema\/person\/59736c891c4e4caf67799903183ea422\",\"name\":\"Ji\u0159\u00ed \u017ditn\u00edk\",\"image\":{\"@type\":\"ImageObject\",\"inLanguage\":\"cs\",\"@id\":\"https:\/\/secure.gravatar.com\/avatar\/fbd44978f4c91979e1f11309a5f061a9a587ab08dc488f6546b4ad737dc6c643?s=96&d=mm&r=g\",\"url\":\"https:\/\/secure.gravatar.com\/avatar\/fbd44978f4c91979e1f11309a5f061a9a587ab08dc488f6546b4ad737dc6c643?s=96&d=mm&r=g\",\"contentUrl\":\"https:\/\/secure.gravatar.com\/avatar\/fbd44978f4c91979e1f11309a5f061a9a587ab08dc488f6546b4ad737dc6c643?s=96&d=mm&r=g\",\"caption\":\"Ji\u0159\u00ed \u017ditn\u00edk\"},\"url\":\"https:\/\/www.glenmarkpharma.cz\/gp\/author\/spravceadmin\/\"}]}<\/script>\n<!-- \/ Yoast SEO plugin. -->","yoast_head_json":{"title":"Nejlep\u0161\u00ed mlad\u00fd chemik \u010cesk\u00e9 republiky je z Lounska - Glenmark VM","robots":{"index":"index","follow":"follow","max-snippet":"max-snippet:-1","max-image-preview":"max-image-preview:large","max-video-preview":"max-video-preview:-1"},"canonical":"https:\/\/www.glenmarkpharma.cz\/gp\/nejlepsi-mlady-chemik-ceske-republiky-je-z-lounska\/","og_locale":"cs_CZ","og_type":"article","og_title":"Nejlep\u0161\u00ed mlad\u00fd chemik \u010cesk\u00e9 republiky je z Lounska - Glenmark VM","og_description":"Sout\u011b\u017e Hled\u00e1me nejlep\u0161\u00edho Mlad\u00e9ho chemika \u010cR zn\u00e1 sv\u00e9ho v\u00edt\u011bze.","og_url":"https:\/\/www.glenmarkpharma.cz\/gp\/nejlepsi-mlady-chemik-ceske-republiky-je-z-lounska\/","og_site_name":"Glenmark VM","article_published_time":"2016-06-01T13:20:09+00:00","article_modified_time":"2023-09-08T08:27:17+00:00","og_image":[{"width":534,"height":680,"url":"https:\/\/www.glenmarkpharma.cz\/gp\/wp-content\/uploads\/sites\/2\/2022\/05\/mlady_chemik_2016-2.jpg","type":"image\/jpeg"}],"author":"Ji\u0159\u00ed \u017ditn\u00edk","twitter_card":"summary_large_image","twitter_misc":{"Napsal(a)":"Ji\u0159\u00ed \u017ditn\u00edk"},"schema":{"@context":"https:\/\/schema.org","@graph":[{"@type":"Article","@id":"https:\/\/www.glenmarkpharma.cz\/gp\/nejlepsi-mlady-chemik-ceske-republiky-je-z-lounska\/#article","isPartOf":{"@id":"https:\/\/www.glenmarkpharma.cz\/gp\/nejlepsi-mlady-chemik-ceske-republiky-je-z-lounska\/"},"author":{"name":"Ji\u0159\u00ed \u017ditn\u00edk","@id":"https:\/\/www.glenmarkpharma.cz\/gp\/#\/schema\/person\/59736c891c4e4caf67799903183ea422"},"headline":"Nejlep\u0161\u00ed mlad\u00fd chemik \u010cesk\u00e9 republiky je z Lounska","datePublished":"2016-06-01T13:20:09+00:00","dateModified":"2023-09-08T08:27:17+00:00","mainEntityOfPage":{"@id":"https:\/\/www.glenmarkpharma.cz\/gp\/nejlepsi-mlady-chemik-ceske-republiky-je-z-lounska\/"},"wordCount":106,"image":{"@id":"https:\/\/www.glenmarkpharma.cz\/gp\/nejlepsi-mlady-chemik-ceske-republiky-je-z-lounska\/#primaryimage"},"thumbnailUrl":"https:\/\/www.glenmarkpharma.cz\/gp\/wp-content\/uploads\/sites\/2\/2022\/05\/mlady_chemik_2016-2.jpg","articleSection":["Aktuality"],"inLanguage":"cs"},{"@type":"WebPage","@id":"https:\/\/www.glenmarkpharma.cz\/gp\/nejlepsi-mlady-chemik-ceske-republiky-je-z-lounska\/","url":"https:\/\/www.glenmarkpharma.cz\/gp\/nejlepsi-mlady-chemik-ceske-republiky-je-z-lounska\/","name":"Nejlep\u0161\u00ed mlad\u00fd chemik \u010cesk\u00e9 republiky je z Lounska - Glenmark VM","isPartOf":{"@id":"https:\/\/www.glenmarkpharma.cz\/gp\/#website"},"primaryImageOfPage":{"@id":"https:\/\/www.glenmarkpharma.cz\/gp\/nejlepsi-mlady-chemik-ceske-republiky-je-z-lounska\/#primaryimage"},"image":{"@id":"https:\/\/www.glenmarkpharma.cz\/gp\/nejlepsi-mlady-chemik-ceske-republiky-je-z-lounska\/#primaryimage"},"thumbnailUrl":"https:\/\/www.glenmarkpharma.cz\/gp\/wp-content\/uploads\/sites\/2\/2022\/05\/mlady_chemik_2016-2.jpg","datePublished":"2016-06-01T13:20:09+00:00","dateModified":"2023-09-08T08:27:17+00:00","author":{"@id":"https:\/\/www.glenmarkpharma.cz\/gp\/#\/schema\/person\/59736c891c4e4caf67799903183ea422"},"inLanguage":"cs","potentialAction":[{"@type":"ReadAction","target":["https:\/\/www.glenmarkpharma.cz\/gp\/nejlepsi-mlady-chemik-ceske-republiky-je-z-lounska\/"]}]},{"@type":"ImageObject","inLanguage":"cs","@id":"https:\/\/www.glenmarkpharma.cz\/gp\/nejlepsi-mlady-chemik-ceske-republiky-je-z-lounska\/#primaryimage","url":"https:\/\/www.glenmarkpharma.cz\/gp\/wp-content\/uploads\/sites\/2\/2022\/05\/mlady_chemik_2016-2.jpg","contentUrl":"https:\/\/www.glenmarkpharma.cz\/gp\/wp-content\/uploads\/sites\/2\/2022\/05\/mlady_chemik_2016-2.jpg","width":534,"height":680},{"@type":"WebSite","@id":"https:\/\/www.glenmarkpharma.cz\/gp\/#website","url":"https:\/\/www.glenmarkpharma.cz\/gp\/","name":"Glenmark VM","description":"A new way for a new world","potentialAction":[{"@type":"SearchAction","target":{"@type":"EntryPoint","urlTemplate":"https:\/\/www.glenmarkpharma.cz\/gp\/?s={search_term_string}"},"query-input":{"@type":"PropertyValueSpecification","valueRequired":true,"valueName":"search_term_string"}}],"inLanguage":"cs"},{"@type":"Person","@id":"https:\/\/www.glenmarkpharma.cz\/gp\/#\/schema\/person\/59736c891c4e4caf67799903183ea422","name":"Ji\u0159\u00ed \u017ditn\u00edk","image":{"@type":"ImageObject","inLanguage":"cs","@id":"https:\/\/secure.gravatar.com\/avatar\/fbd44978f4c91979e1f11309a5f061a9a587ab08dc488f6546b4ad737dc6c643?s=96&d=mm&r=g","url":"https:\/\/secure.gravatar.com\/avatar\/fbd44978f4c91979e1f11309a5f061a9a587ab08dc488f6546b4ad737dc6c643?s=96&d=mm&r=g","contentUrl":"https:\/\/secure.gravatar.com\/avatar\/fbd44978f4c91979e1f11309a5f061a9a587ab08dc488f6546b4ad737dc6c643?s=96&d=mm&r=g","caption":"Ji\u0159\u00ed \u017ditn\u00edk"},"url":"https:\/\/www.glenmarkpharma.cz\/gp\/author\/spravceadmin\/"}]}},"_links":{"self":[{"href":"https:\/\/www.glenmarkpharma.cz\/gp\/wp-json\/wp\/v2\/posts\/104","targetHints":{"allow":["GET"]}}],"collection":[{"href":"https:\/\/www.glenmarkpharma.cz\/gp\/wp-json\/wp\/v2\/posts"}],"about":[{"href":"https:\/\/www.glenmarkpharma.cz\/gp\/wp-json\/wp\/v2\/types\/post"}],"author":[{"embeddable":true,"href":"https:\/\/www.glenmarkpharma.cz\/gp\/wp-json\/wp\/v2\/users\/2"}],"replies":[{"embeddable":true,"href":"https:\/\/www.glenmarkpharma.cz\/gp\/wp-json\/wp\/v2\/comments?post=104"}],"version-history":[{"count":2,"href":"https:\/\/www.glenmarkpharma.cz\/gp\/wp-json\/wp\/v2\/posts\/104\/revisions"}],"predecessor-version":[{"id":491,"href":"https:\/\/www.glenmarkpharma.cz\/gp\/wp-json\/wp\/v2\/posts\/104\/revisions\/491"}],"wp:featuredmedia":[{"embeddable":true,"href":"https:\/\/www.glenmarkpharma.cz\/gp\/wp-json\/wp\/v2\/media\/158"}],"wp:attachment":[{"href":"https:\/\/www.glenmarkpharma.cz\/gp\/wp-json\/wp\/v2\/media?parent=104"}],"wp:term":[{"taxonomy":"category","embeddable":true,"href":"https:\/\/www.glenmarkpharma.cz\/gp\/wp-json\/wp\/v2\/categories?post=104"},{"taxonomy":"post_tag","embeddable":true,"href":"https:\/\/www.glenmarkpharma.cz\/gp\/wp-json\/wp\/v2\/tags?post=104"}],"curies":[{"name":"wp","href":"https:\/\/api.w.org\/{rel}","templated":true}]}}